{"id":683,"date":"2022-11-22T09:32:54","date_gmt":"2022-11-22T09:32:54","guid":{"rendered":"https:\/\/www.ecofeixes.com\/2022\/11\/22\/ecofeixes-inaugura-la-primera-botiga-de-productes-ecologics\/"},"modified":"2022-11-22T09:36:54","modified_gmt":"2022-11-22T09:36:54","slug":"ecofeixes-inaugura-la-primera-botiga-de-productes-ecologics","status":"publish","type":"post","link":"https:\/\/www.ecofeixes.com\/ca\/2022\/11\/22\/ecofeixes-inaugura-la-primera-botiga-de-productes-ecologics\/","title":{"rendered":"Ecofeixes inaugura la primera botiga de productes ecol\u00f2gics"},"content":{"rendered":"\n<p>La cooperativa de productes agroalimentaris ecol\u00f2gics eivissencs <a href=\"https:\/\/www.periodicodeibiza.es\/etiqueta\/ecofeixes.html?utm_source=inline-tag&amp;utm_medium=web\">Ecofeixes<\/a> va inaugurar ahir la seva nova seu, situada al carrer de sa Blanca Dona, enfront del col\u00b7legi, on, a partir d&#8217;avui, qualsevol ciutad\u00e0 podr\u00e0 acudir o trucar per tel\u00e8fon al 693559996 per a adquirir algun dels aproximadament 30 productes disponibles.<\/p>\n\n<p>Es tracta de la primera botiga de producte exclusivament ecol\u00f2gic de l&#8217;illa i, a m\u00e9s de fruites i hortalisses, t\u00e9 vins, olis, farina, infusions o esp\u00e8cies, segons l&#8217;\u00e8poca de l&#8217;any en qu\u00e8 ens trobem.<\/p>\n\n<p>Amb el pas de l&#8217;anterior local \u2013de 25 metres quadrats\u2013 a aquest, s&#8217;ha aconseguit un espai molt major per a magatzematge, per la qual cosa les 14 finques \u201312 explotacions agr\u00e0ries i dues finques d&#8217;ous\u2013 que formen la cooperativa \u2013encara que est\u00e0 oberta a noves inscripcions\u2013 tindran una gran ajuda per a la venda dels seus productes. La botiga estar\u00e0 oberta de dilluns a divendres al mat\u00ed i els dimecres a la tarda i continuar\u00e0 donant servei de cistelles, com es feia fins ara.<\/p>\n\n<p>La directora de Ecofeixes, Sonia Torres, va destacar que, a m\u00e9s d&#8217;aquesta botiga, tenen previst comen\u00e7ar abans de fi de mes amb una p\u00e0gina web (www.ecofeixes.com) des d&#8217;on tamb\u00e9 es podr\u00e0 comprar.<\/p>\n\n<p>Per part seva, el president de la cooperativa, Toni Tur, va subratllar que Ecofeixes \u00abs&#8217;ha convertit en un punt de refer\u00e8ncia, en una petita escola de pageses\u00bb, al mateix temps que va destacar el creixement d&#8217;una cooperativa que ja disposa de botiga i de furgoneta per al repartiment i que, aviat, posar\u00e0 en marxa la seva p\u00e0gina en Internet. Tamb\u00e9 present, la directora gerent de Cooperatives Agroaliment\u00e0ries de Balears, Xisca Parets, va destacar el \u00abprotagonisme\u00bb que t\u00e9 \u00faltimament el sector agroalimentari i el producte local ecol\u00f2gic, que fins ara \u00absempre havia estat, per\u00f2 se li havia donat menys rellev\u00e0ncia\u00bb.<\/p>\n\n<p><strong>Ajuda del Consell d\u2019Eivissa<\/strong><br\/>Finalment, el director insular de Medi rural i Mar\u00ed del Consell d\u2019Eivissa, Joan Mar\u00ed, va posar \u00e8mfasi en la rellev\u00e0ncia d&#8217;aquesta iniciativa despr\u00e9s de dos anys de pand\u00e8mia i en la gran quantitat de joves que estan prenent protagonisme en el camp. Mar\u00ed va recordar que el Consell est\u00e0 aportant al sector agrari gaireb\u00e9 dos milions, dels quals 400.000 euros s\u00f3n per a les cooperatives.<\/p>\n\n<p>&#8211; Font: <a rel=\"noreferrer noopener\" href=\"https:\/\/www.periodicodeibiza.es\/pitiusas\/ibiza\/2022\/01\/21\/1690929\/ecofeixes-inaugura-primera-tienda-productos-ecologicos.html\" target=\"_blank\">Peri\u00f3dico de Ibiza<\/a>.<\/p>\n","protected":false},"excerpt":{"rendered":"<p>La cooperativa de productes agroalimentaris ecol\u00f2gics eivissencs Ecofeixes va inaugurar ahir la seva nova seu, situada al carrer de sa Blanca Dona, enfront del col\u00b7legi, on, a partir d&#8217;avui, qualsevol ciutad\u00e0 podr\u00e0 acudir o trucar per tel\u00e8fon al 693559996 per a adquirir algun dels aproximadament 30 productes disponibles. Es tracta de la primera botiga de [&hellip;]<\/p>\n","protected":false},"author":1,"featured_media":681,"comment_status":"open","ping_status":"open","sticky":false,"template":"","format":"standard","meta":{"footnotes":""},"categories":[27],"tags":[],"class_list":["post-683","post","type-post","status-publish","format-standard","has-post-thumbnail","hentry","category-uncategorized-ca"],"jetpack_featured_media_url":"https:\/\/www.ecofeixes.com\/wp-content\/uploads\/2022\/11\/ecofeixes.jpg","_links":{"self":[{"href":"https:\/\/www.ecofeixes.com\/ca\/wp-json\/wp\/v2\/posts\/683","targetHints":{"allow":["GET"]}}],"collection":[{"href":"https:\/\/www.ecofeixes.com\/ca\/wp-json\/wp\/v2\/posts"}],"about":[{"href":"https:\/\/www.ecofeixes.com\/ca\/wp-json\/wp\/v2\/types\/post"}],"author":[{"embeddable":true,"href":"https:\/\/www.ecofeixes.com\/ca\/wp-json\/wp\/v2\/users\/1"}],"replies":[{"embeddable":true,"href":"https:\/\/www.ecofeixes.com\/ca\/wp-json\/wp\/v2\/comments?post=683"}],"version-history":[{"count":1,"href":"https:\/\/www.ecofeixes.com\/ca\/wp-json\/wp\/v2\/posts\/683\/revisions"}],"predecessor-version":[{"id":684,"href":"https:\/\/www.ecofeixes.com\/ca\/wp-json\/wp\/v2\/posts\/683\/revisions\/684"}],"wp:featuredmedia":[{"embeddable":true,"href":"https:\/\/www.ecofeixes.com\/ca\/wp-json\/wp\/v2\/media\/681"}],"wp:attachment":[{"href":"https:\/\/www.ecofeixes.com\/ca\/wp-json\/wp\/v2\/media?parent=683"}],"wp:term":[{"taxonomy":"category","embeddable":true,"href":"https:\/\/www.ecofeixes.com\/ca\/wp-json\/wp\/v2\/categories?post=683"},{"taxonomy":"post_tag","embeddable":true,"href":"https:\/\/www.ecofeixes.com\/ca\/wp-json\/wp\/v2\/tags?post=683"}],"curies":[{"name":"wp","href":"https:\/\/api.w.org\/{rel}","templated":true}]}}